[{"@context":"https:\/\/schema.org\/","@type":"Article","@id":"https:\/\/www.mach4.cz\/sedaci-vaky-jsou-urceny-nejen-pro-deti-ale-i-pro-dospele-osoby-s-nadvahou\/#Article","mainEntityOfPage":"https:\/\/www.mach4.cz\/sedaci-vaky-jsou-urceny-nejen-pro-deti-ale-i-pro-dospele-osoby-s-nadvahou\/","headline":"Sedac\u00ed vaky jsou ur\u010deny nejen pro d\u011bti, ale i pro dosp\u011bl\u00e9 osoby s nadv\u00e1hou","name":"Sedac\u00ed vaky jsou ur\u010deny nejen pro d\u011bti, ale i pro dosp\u011bl\u00e9 osoby s nadv\u00e1hou","description":"Historie sedac\u00edch pytl\u016f je pom\u011brn\u011b dlouh\u00e1, s jejich v\u00fdrobou se za\u010dalo p\u0159ed v\u00edce ne\u017e pades\u00e1ti lety, a nav\u00edc lze tvrdit, \u017ee lid\u00e9 si jak\u00e9si \u201eprimitivn\u00ed\u201c vaky vyr\u00e1b\u011bli podom\u00e1cku ji\u017e mnohem d\u0159\u00edve. Zpo\u010d\u00e1tku se vn\u011bj\u0161\u00ed obal plnit p\u0159\u00edrodn\u00edmi materi\u00e1ly, co b\u00fdvaly po ruce, nap\u0159. r\u00fd\u017e\u00ed, fazolemi \u010di obiln\u00fdmi slupkami. Z toho ov\u0161em vypl\u00fdvala podstatn\u00e1 nev\u00fdhoda, a sice vysok\u00e1 hmotnost vaku, pokud&hellip;","datePublished":"2022-06-30","dateModified":"2023-05-01","author":{"@type":"Person","@id":"https:\/\/www.mach4.cz\/author\/#Person","name":"","url":"https:\/\/www.mach4.cz\/author\/","identifier":1,"image":{"@type":"ImageObject","@id":"https:\/\/secure.gravatar.com\/avatar\/774cfd57496a9f02284489749b4229073861faca9d8a66df7d65507a77c5d31f?s=96&d=mm&r=g","url":"https:\/\/secure.gravatar.com\/avatar\/774cfd57496a9f02284489749b4229073861faca9d8a66df7d65507a77c5d31f?s=96&d=mm&r=g","height":96,"width":96}},"publisher":{"@type":"Organization","name":"mach4.cz","logo":{"@type":"ImageObject","@id":"\/logo.png","url":"\/logo.png","width":600,"height":60}},"image":{"@type":"ImageObject","@id":"https:\/\/www.mach4.cz\/wp-content\/uploads\/bean-bag-576175_640_4.png","url":"https:\/\/www.mach4.cz\/wp-content\/uploads\/bean-bag-576175_640_4.png","height":0,"width":0},"url":"https:\/\/www.mach4.cz\/sedaci-vaky-jsou-urceny-nejen-pro-deti-ale-i-pro-dospele-osoby-s-nadvahou\/","about":["V\u00fdrobky"],"wordCount":435,"articleBody":"   Historie sedac\u00edch pytl\u016f je pom\u011brn\u011b dlouh\u00e1, s jejich v\u00fdrobou se za\u010dalo p\u0159ed v\u00edce ne\u017e pades\u00e1ti lety, a nav\u00edc lze tvrdit, \u017ee lid\u00e9 si jak\u00e9si \u201eprimitivn\u00ed\u201c vaky vyr\u00e1b\u011bli podom\u00e1cku ji\u017e mnohem d\u0159\u00edve. Zpo\u010d\u00e1tku se vn\u011bj\u0161\u00ed obal plnit p\u0159\u00edrodn\u00edmi materi\u00e1ly, co b\u00fdvaly po ruce, nap\u0159. r\u00fd\u017e\u00ed, fazolemi \u010di obiln\u00fdmi slupkami. Z toho ov\u0161em vypl\u00fdvala podstatn\u00e1 nev\u00fdhoda, a sice vysok\u00e1 hmotnost vaku, pokud m\u011bl m\u00edt po\u017eadovan\u00e9 rozm\u011bry, aby se na n\u011bm dalo pohodln\u011b sed\u011bt.Dnes je situace mnohem lep\u0161\u00ed, pro v\u00fdpln\u011b vak\u016f se pou\u017e\u00edvaj\u00ed speci\u00e1ln\u00ed polystyrenov\u00e9 kuli\u010dky (expandovan\u00fd polystyren EPS) a t\u00edm p\u00e1dem jsou i ob\u0159\u00ed vaky velmi lehk\u00e9. Po\u0159\u00eddit si tedy velk\u00fd sedac\u00ed vak, kter\u00fd chcete \u010dast\u011bji p\u0159en\u00e1\u0161et, nen\u00ed probl\u00e9m.V\u00e1\u017e\u00edte n\u011bco p\u0159es metr\u00e1k? Nevad\u00ed!U n\u011bkter\u00fdch lid\u00ed nen\u00ed ani jeden metr\u00e1k \u201e\u017e\u00e1dn\u00e1 v\u00e1ha\u201c, mezi n\u00e1mi \u017eije pom\u011brn\u011b velk\u00e9 mno\u017estv\u00ed ob\u00e9zn\u00edch jedinc\u016f, jejich\u017e hmotnost je daleko vy\u0161\u0161\u00ed. Mnohem hor\u0161\u00ed je situace v z\u00e1mo\u0159\u00ed, kde trp\u00ed obezitou a nadv\u00e1hou t\u00e9m\u011b\u0159 t\u0159i \u010dtvrtiny populace. Pokud k takov\u00fdm lidem pat\u0159\u00edte i vy, a chcete s t\u00edm n\u011bco aktivn\u011b d\u011blat, bude to jen dob\u0159e, ale to neznamen\u00e1, \u017ee si v tomto mezidob\u00ed nem\u016f\u017eete po\u0159\u00eddit sedac\u00ed vak Duo s nylonov\u00fdm potahem, proto\u017ee by v\u00e1s jednodu\u0161e neunesl. Unesl, i s va\u0161imi sto t\u0159iceti kilogramy \u017eiv\u00e9 v\u00e1hy.Nylonov\u00e9 potahy m\u016f\u017eeme doporu\u010dit i tam, kde s vaky hodl\u00e1te nakl\u00e1dat trochu hrub\u0161\u00ed silou, nap\u0159. je \u010dast\u011bji vl\u00e1\u010det po zemi a tahat se s nimi na zahradu, nechat po nich sk\u00e1kat va\u0161e ratolesti anebo hopsat ko\u010dky a psy. Nylonu nevad\u00ed zv\u00ed\u0159ec\u00ed dr\u00e1pky a snese i d\u011btsk\u00e9 skota\u010den\u00ed.Sedac\u00ed vak m\u016f\u017ee p\u0159ipom\u00ednat velk\u00fd pol\u0161t\u00e1\u0159Sedac\u00ed vaky Duo jsou v podstat\u011b velk\u00e9 pol\u0161t\u00e1\u0159e, o rozm\u011brech p\u0159ibli\u017en\u011b 140 cm na \u0161\u00ed\u0159ku a 190 cm na d\u00e9lku, \u010d\u00edm\u017e p\u0159ipom\u00ednaj\u00ed rozm\u011bry \u0161irok\u00e9ho l\u016f\u017eka pro dosp\u011blou osobu. Jestli\u017ee tedy odepnete oba postrann\u00ed popruhy a vak rozlo\u017e\u00edte na zem, m\u00e1te k dispozici pom\u011brn\u011b velkou relaxa\u010dn\u00ed plochu. M\u016f\u017eete na n\u00ed i p\u0159espat, m\u016f\u017eete si tu s d\u011btmi hr\u00e1t, m\u016f\u017eete ji vyu\u017e\u00edt pro meditaci, m\u016f\u017eete se na n\u00ed t\u0159eba i milovat.                                                                                                                                                                                                                                                                                                                                                                                          4\/5 - (3 votes)        "},{"@context":"https:\/\/schema.org\/","@type":"BreadcrumbList","itemListElement":[{"@type":"ListItem","position":1,"name":"Sedac\u00ed vaky jsou ur\u010deny nejen pro d\u011bti, ale i pro dosp\u011bl\u00e9 osoby s nadv\u00e1hou","item":"https:\/\/www.mach4.cz\/sedaci-vaky-jsou-urceny-nejen-pro-deti-ale-i-pro-dospele-osoby-s-nadvahou\/#breadcrumbitem"}]}]