[{"@context":"https:\/\/schema.org\/","@type":"Article","@id":"https:\/\/www.mach4.cz\/rozkvetla-zahrada-po-cely-rok-a-za-kazdeho-pocasi\/#Article","mainEntityOfPage":"https:\/\/www.mach4.cz\/rozkvetla-zahrada-po-cely-rok-a-za-kazdeho-pocasi\/","headline":"Rozkvetl\u00e1 zahrada po cel\u00fd rok a za ka\u017ed\u00e9ho po\u010das\u00ed","name":"Rozkvetl\u00e1 zahrada po cel\u00fd rok a za ka\u017ed\u00e9ho po\u010das\u00ed","description":"Snadn\u00e9 propojen\u00ed va\u0161eho interi\u00e9ru se zahradou P\u0159ibli\u017ete se p\u0159\u00edrod\u011b i ve m\u011bst\u011b. Tento fakt V\u00e1m umo\u017en\u00ed zprost\u0159edkovat mont\u00e1\u017e zimn\u00ed zahrady, k n\u00ed\u017e lze pro maxim\u00e1ln\u00ed pohodl\u00ed z\u00edskat exkluzivn\u00ed p\u0159\u00edslu\u0161enstv\u00ed. Na terase zahrady po cel\u00fd rok Atmosf\u00e9ru zimn\u00ed zahradysi m\u016f\u017eete vychutn\u00e1vat celoro\u010dn\u011b. Tuto exkluzivn\u00ed m\u00edstnost lze toti\u017e p\u0159ipojit k regula\u010dn\u00edmu syst\u00e9mu, kter\u00fd v zimn\u00edch m\u011bs\u00edc\u00edch prostory p\u0159\u00edjemn\u011b vytop\u00ed. V letn\u00edch m\u011bs\u00edc\u00edch&hellip;","datePublished":"2024-12-27","dateModified":"2024-12-27","author":{"@type":"Person","@id":"https:\/\/www.mach4.cz\/author\/#Person","name":"","url":"https:\/\/www.mach4.cz\/author\/","identifier":1,"image":{"@type":"ImageObject","@id":"https:\/\/secure.gravatar.com\/avatar\/774cfd57496a9f02284489749b4229073861faca9d8a66df7d65507a77c5d31f?s=96&d=mm&r=g","url":"https:\/\/secure.gravatar.com\/avatar\/774cfd57496a9f02284489749b4229073861faca9d8a66df7d65507a77c5d31f?s=96&d=mm&r=g","height":96,"width":96}},"publisher":{"@type":"Organization","name":"mach4.cz","logo":{"@type":"ImageObject","@id":"\/logo.png","url":"\/logo.png","width":600,"height":60}},"url":"https:\/\/www.mach4.cz\/rozkvetla-zahrada-po-cely-rok-a-za-kazdeho-pocasi\/","wordCount":205,"articleBody":" Snadn\u00e9 propojen\u00ed va\u0161eho interi\u00e9ru se zahradou P\u0159ibli\u017ete se p\u0159\u00edrod\u011b i ve m\u011bst\u011b. Tento fakt V\u00e1m umo\u017en\u00ed zprost\u0159edkovat mont\u00e1\u017e zimn\u00ed zahrady, k n\u00ed\u017e lze pro maxim\u00e1ln\u00ed pohodl\u00ed z\u00edskat exkluzivn\u00ed p\u0159\u00edslu\u0161enstv\u00ed. Na terase zahrady po cel\u00fd rok Atmosf\u00e9ru zimn\u00ed zahradysi m\u016f\u017eete vychutn\u00e1vat celoro\u010dn\u011b. Tuto exkluzivn\u00ed m\u00edstnost lze toti\u017e p\u0159ipojit k regula\u010dn\u00edmu syst\u00e9mu, kter\u00fd v zimn\u00edch m\u011bs\u00edc\u00edch prostory p\u0159\u00edjemn\u011b vytop\u00ed. V letn\u00edch m\u011bs\u00edc\u00edch se pak m\u016f\u017ee st\u00e1t skv\u011bl\u00fdm \u00fato\u010di\u0161t\u011bm p\u0159ed s\u00e1lav\u00fdmi slune\u010dn\u00edmi paprsky, a to tak\u00e9 d\u00edky mo\u017enosti instalovat klimatiza\u010dn\u00ed jednotku. V jak\u00e9mkoliv ro\u010dn\u00edm obdob\u00ed zde u\u017eivatel\u00e9 naleznou klid, soukrom\u00ed a podm\u00ednky pro perfektn\u00ed relaxaci, jej\u00edch\u017e v\u00fdhod si mohou u\u017e\u00edt v doprovodu p\u0159\u00edv\u011btiv\u00e9 zelen\u011b uvnit\u0159 a n\u00e1dhern\u00e9ho v\u00fdhledu do venkovn\u00edho okol\u00ed. Libovoln\u00e9 rozm\u011bry Nenechejte se ochudit o excelentn\u00ed aspekty zimn\u00ed zahrady a pochlubte se p\u0159\u00e1tel\u016fm a zn\u00e1m\u00fdm d\u016fmysln\u011b propracovan\u00fdm konceptem, jeho\u017e po\u0159\u00edzen\u00ed ji\u017e dnes neznamen\u00e1 \u017e\u00e1dn\u00fd p\u0159ebyte\u010dn\u00fd luxus.                                                                                                                                                                                                                                                                                                                                                                                                "},{"@context":"https:\/\/schema.org\/","@type":"BreadcrumbList","itemListElement":[{"@type":"ListItem","position":1,"name":"Rozkvetl\u00e1 zahrada po cel\u00fd rok a za ka\u017ed\u00e9ho po\u010das\u00ed","item":"https:\/\/www.mach4.cz\/rozkvetla-zahrada-po-cely-rok-a-za-kazdeho-pocasi\/#breadcrumbitem"}]}]