[{"@context":"https:\/\/schema.org\/","@type":"Article","@id":"https:\/\/www.mach4.cz\/coco-chanel\/#Article","mainEntityOfPage":"https:\/\/www.mach4.cz\/coco-chanel\/","headline":"Coco Chanel","name":"Coco Chanel","description":"V\u017edycky jsem se zaj\u00edmala o m\u00f3du a tak\u00e9 o m\u00f3dn\u00ed dopl\u0148ky. M\u011bla jsem r\u00e1da m\u00f3du. M\u00f3du m\u00e1m vlastn\u011b r\u00e1da. St\u00e1le tak\u00e9 jsem si \u0159\u00edkala, \u017ee by bylo opravdu prima, kdybych si na\u0161la t\u0159eba n\u011bjak\u00e9ho partnera, kdy i on m\u00e1 r\u00e1d m\u00f3du, nejenom m\u00f3du, ale tak\u00e9 m\u00f3dn\u00ed dopl\u0148ky. A pr\u00e1v\u011b m\u00e1min partner, ten je o deset let mlad\u0161\u00ed ne\u017e moje m\u00e1ma,&hellip;","datePublished":"2024-05-28","dateModified":"2024-05-28","author":{"@type":"Person","@id":"https:\/\/www.mach4.cz\/author\/#Person","name":"","url":"https:\/\/www.mach4.cz\/author\/","identifier":1,"image":{"@type":"ImageObject","@id":"https:\/\/secure.gravatar.com\/avatar\/774cfd57496a9f02284489749b4229073861faca9d8a66df7d65507a77c5d31f?s=96&d=mm&r=g","url":"https:\/\/secure.gravatar.com\/avatar\/774cfd57496a9f02284489749b4229073861faca9d8a66df7d65507a77c5d31f?s=96&d=mm&r=g","height":96,"width":96}},"publisher":{"@type":"Organization","name":"mach4.cz","logo":{"@type":"ImageObject","@id":"\/logo.png","url":"\/logo.png","width":600,"height":60}},"image":{"@type":"ImageObject","@id":"https:\/\/www.mach4.cz\/wp-content\/uploads\/load-line-188952_960_720.jpg","url":"https:\/\/www.mach4.cz\/wp-content\/uploads\/load-line-188952_960_720.jpg","height":0,"width":0},"url":"https:\/\/www.mach4.cz\/coco-chanel\/","about":["M\u00f3da"],"wordCount":464,"articleBody":"V\u017edycky jsem se zaj\u00edmala o m\u00f3du a tak\u00e9 o m\u00f3dn\u00ed dopl\u0148ky. M\u011bla jsem r\u00e1da m\u00f3du. M\u00f3du m\u00e1m vlastn\u011b r\u00e1da. St\u00e1le tak\u00e9 jsem si \u0159\u00edkala, \u017ee by bylo opravdu prima, kdybych si na\u0161la t\u0159eba n\u011bjak\u00e9ho partnera, kdy i on m\u00e1 r\u00e1d m\u00f3du, nejenom m\u00f3du, ale tak\u00e9 m\u00f3dn\u00ed dopl\u0148ky. A pr\u00e1v\u011b m\u00e1min partner, ten je o deset let mlad\u0161\u00ed ne\u017e moje m\u00e1ma, tak i on m\u00e1 r\u00e1d m\u00f3du a kosmetiku, hlavn\u011b tedy n\u011bjak\u00e9 parf\u00e9my a podobn\u011b. Mysl\u00edm si, \u017ee i parf\u00e9m pat\u0159\u00ed vlastn\u011b k m\u00f3dn\u00edmu dopl\u0148ku, proto\u017ee jsem se dozv\u011bd\u011bla, \u017ee Coco Chanel tehdy \u0159ekla, \u017ee pr\u00e1v\u011b spr\u00e1vn\u00e1 \u017eena m\u00e1 m\u00edt na sob\u011b parf\u00e9m, \u017ee pr\u00fd ona chod\u00ed sp\u00e1t nah\u00e1, ale v\u017edycky se nezapomene navon\u011bt n\u011bjak\u00fdm sv\u00fdm obl\u00edben\u00fdm parf\u00e9mem.Mysl\u00edm si, \u017ee Coco Chanel bude zn\u00e1t \u00fapln\u011b ka\u017ed\u00fd \u010dlov\u011bk. Nejenom milovn\u00edk m\u00f3dy, i kdy\u017e m\u00f3du nesledujete, tak si mysl\u00edm, \u017ee pr\u00e1v\u011b tuhle zna\u010dku a tuhle pan\u00ed budete zn\u00e1t ur\u010dit\u011b. A j\u00e1 sama jsem si \u0159ekla, \u017ee kdybych tak\u00e9 m\u011bla t\u0159eba n\u011bkoho, kdo se vyzn\u00e1 v m\u00f3d\u011b a v kosmetice, \u017ee bych se i j\u00e1 od n\u011bj nechala moc r\u00e1da poradit, co se nos\u00ed anebo tak podobn\u011b. Mysl\u00edm si, \u017ee je opravdu hodn\u011b lid\u00ed, kte\u0159\u00ed d\u00e1vaj\u00ed p\u0159ednost n\u011bjak\u00e9 m\u00f3d\u011b. Ov\u0161em nen\u00ed m\u00f3da jako m\u00f3da, t\u0159eba je n\u011bjak\u00e1 m\u00f3da, kter\u00e1 je velice drah\u00e1. Je to extravagantn\u00ed m\u00f3da. T\u0159eba od n\u011bjak\u00e9ho v\u00fdznamn\u00e9ho m\u00f3dn\u00edho n\u00e1vrh\u00e1\u0159e, proto\u017ee v\u00fdznamn\u00ed m\u00f3dn\u00ed n\u00e1vrh\u00e1\u0159i maj\u00ed opravdu drah\u00e9 \u0161aty a celkov\u011b oble\u010den\u00ed.N\u011bkdo m\u00e1 dokonce i drah\u00e9 parf\u00e9my. Mysl\u00edm si, \u017ee zn\u00e1te ur\u010dit\u011b Dior. Dior je opravdu luxusn\u00ed zna\u010dka, n\u011bkdy je to extravagantn\u00ed zna\u010dka, ale hlavn\u011b je to velice drah\u00e1 zna\u010dka. U n\u00e1s v Praze je tak\u00e9 butik Dior. Byla jsem tam pouze jenom dvakr\u00e1t, a to jenom se pod\u00edvat. Cht\u011bla jsem si tam jednodu\u0161e ud\u011blat n\u011bjak\u00e9 kr\u00e1sn\u00e9 a modern\u00ed fotografie. Cht\u011bla jsem m\u00edt n\u011bjak\u00e9 fotografie z Diora, kdy\u017e nem\u016f\u017eu m\u00edt \u017e\u00e1dn\u00fd v\u00fdrobek od Diora, tak jsem si \u0159ekla, \u017ee alespo\u0148 budu takhle se fotit. Moje kamar\u00e1dka \u0159\u00edk\u00e1, \u017ee bych si m\u011bla na\u0161et\u0159it pen\u00edze alespo\u0148 na n\u011bjakou kr\u00e1snou drahou kabelku. Ka\u017ed\u00e1 \u017eena m\u00e1 m\u00edt luxusn\u00ed zna\u010dkovou kabelku.\u00a0                                                                                                                                                                                                                                                                                                                                                                                        3.8\/5 - (11 votes)        "},{"@context":"https:\/\/schema.org\/","@type":"BreadcrumbList","itemListElement":[{"@type":"ListItem","position":1,"name":"Coco Chanel","item":"https:\/\/www.mach4.cz\/coco-chanel\/#breadcrumbitem"}]}]